{"id":13934,"date":"2025-03-06T00:54:04","date_gmt":"2025-03-06T00:54:04","guid":{"rendered":"https:\/\/islands4you.pt\/la-formation-de-la-ria-formosa-et-des-iles-barreira-un-tresor-naturel-de-lalgarve\/"},"modified":"2025-05-20T22:20:04","modified_gmt":"2025-05-20T22:20:04","slug":"la-formation-de-la-ria-formosa-et-des-iles-barreira-un-tresor-naturel-de-lalgarve","status":"publish","type":"post","link":"https:\/\/islands4you.pt\/fr\/la-formation-de-la-ria-formosa-et-des-iles-barreira-un-tresor-naturel-de-lalgarve\/","title":{"rendered":"La formation de la Ria Formosa et des \u00eeles-barri\u00e8res : un tr\u00e9sor naturel de l&rsquo;Algarve"},"content":{"rendered":"\t\t<div data-elementor-type=\"wp-post\" data-elementor-id=\"13934\" class=\"elementor elementor-13934 elementor-12841\" data-elementor-post-type=\"post\">\n\t\t\t\t<div class=\"elementor-element elementor-element-6999107b e-flex e-con-boxed e-con e-parent\" data-id=\"6999107b\" data-element_type=\"container\" data-e-type=\"container\">\n\t\t\t\t\t<div class=\"e-con-inner\">\n\t\t\t\t<div class=\"elementor-element elementor-element-56b3f84 elementor-widget elementor-widget-text-editor\" data-id=\"56b3f84\" data-element_type=\"widget\" data-e-type=\"widget\" data-widget_type=\"text-editor.default\">\n\t\t\t\t\t\t\t\t\t<h1 class=\"wp-block-heading has-medium-font-size\" style=\"text-align: center;\"><span style=\"font-size: 14pt;\"><b>La formation g\u00e9ologique de Ria Formosa<\/b><\/span><\/h1><p style=\"text-align: justify;\">La formation de la Ria Formosa et de ses \u00eeles-barri\u00e8res est un ph\u00e9nom\u00e8ne naturel fascinant qui a donn\u00e9 naissance \u00e0 l&rsquo;un des \u00e9cosyst\u00e8mes les plus impressionnants du Portugal. Ce syst\u00e8me lagunaire, situ\u00e9 dans l&rsquo;Algarve, est prot\u00e9g\u00e9 par une s\u00e9rie d&rsquo;\u00eeles barri\u00e8res qui le s\u00e9parent de l&rsquo;oc\u00e9an Atlantique. Mais comment est n\u00e9e la Ria Formosa ? Quelle est l&rsquo;origine de ses \u00eeles-barri\u00e8res ? Dans cet article, nous allons explorer sa formation g\u00e9ologique, son \u00e9volution au cours des si\u00e8cles et son importance \u00e9cologique et \u00e9conomique.<\/p><figure class=\"wp-block-image size-full\" style=\"text-align: justify;\"><img fetchpriority=\"high\" decoding=\"async\" width=\"653\" height=\"370\" class=\"wp-image-12854\" src=\"https:\/\/islands4you.pt\/wp-content\/uploads\/2025\/03\/792ea1_70f66cdc36124863a794d259d58f4553.avif\" alt=\"\" title=\"\" srcset=\"https:\/\/islands4you.pt\/wp-content\/uploads\/2025\/03\/792ea1_70f66cdc36124863a794d259d58f4553.avif 653w, https:\/\/islands4you.pt\/wp-content\/uploads\/2025\/03\/792ea1_70f66cdc36124863a794d259d58f4553-300x170.avif 300w\" sizes=\"(max-width: 653px) 100vw, 653px\" \/><\/figure><h2 style=\"text-align: justify;\">\u00a0<\/h2><h2 class=\"wp-block-heading has-medium-font-size\" style=\"text-align: center;\"><span style=\"font-size: 14pt;\"><b>Un \u00e9cosyst\u00e8me dynamique et en constante \u00e9volution<\/b><\/span><\/h2><p style=\"text-align: justify;\"><span style=\"font-weight: 400;\">La formation de la Ria Formosa est un processus g\u00e9ologique qui s&rsquo;est d\u00e9roul\u00e9 sur des milliers d&rsquo;ann\u00e9es et qui est le r\u00e9sultat d&rsquo;un certain nombre de facteurs naturels, tels que <\/span><b>les mouvements tectoniques, les variations du niveau de la mer et l&rsquo;action des vents et des mar\u00e9es<\/b><span style=\"font-weight: 400;\">.<\/span><\/p><p style=\"text-align: justify;\"><span style=\"font-weight: 400;\">On estime que ce syst\u00e8me lagunaire s&rsquo;est consolid\u00e9 au cours des derni\u00e8res ann\u00e9es. <\/span><b>10 000 \u00e0 12 000 ans<\/b><span style=\"font-weight: 400;\">apr\u00e8s la derni\u00e8re p\u00e9riode glaciaire, lorsque la fonte des calottes polaires a provoqu\u00e9 une \u00e9l\u00e9vation du niveau de la mer et inond\u00e9 les r\u00e9gions c\u00f4ti\u00e8res.<\/span><\/p><figure class=\"wp-block-image size-full is-resized\" style=\"text-align: justify;\"><img decoding=\"async\" width=\"331\" height=\"420\" class=\"wp-image-12860\" style=\"width: 264px; height: auto;\" src=\"https:\/\/islands4you.pt\/wp-content\/uploads\/2025\/03\/1755_Lisbon_Earthquake_Location.png\" alt=\"\" title=\"\" srcset=\"https:\/\/islands4you.pt\/wp-content\/uploads\/2025\/03\/1755_Lisbon_Earthquake_Location.png 331w, https:\/\/islands4you.pt\/wp-content\/uploads\/2025\/03\/1755_Lisbon_Earthquake_Location-236x300.png 236w\" sizes=\"(max-width: 331px) 100vw, 331px\" \/><\/figure><h3 style=\"text-align: justify;\">\u00a0<\/h3><h3 class=\"wp-block-heading has-medium-font-size\" style=\"text-align: center;\"><span style=\"font-size: 14pt;\"><b>L&rsquo;impact du tremblement de terre de 1755<\/b><\/span><\/h3><p style=\"text-align: justify;\"><span style=\"font-weight: 400;\">L&rsquo;un des \u00e9v\u00e9nements les plus importants de l&rsquo;histoire g\u00e9ologique de Ria Formosa a \u00e9t\u00e9 le <\/span><a href=\"https:\/\/fr.wikipedia.org\/wiki\/S%C3%A9isme_de_1755_%C3%A0_Lisbonne\" target=\"_blank\" rel=\"noopener\"><b>tremblement de terre de 1755 <\/b><\/a><span style=\"font-weight: 400;\">Outre la destruction de Lisbonne et d&rsquo;autres parties de l&rsquo;Algarve, le tsunami a jou\u00e9 un r\u00f4le fondamental dans la reconfiguration des \u00eeles-barri\u00e8res. Le tsunami qui a suivi le tremblement de terre a modifi\u00e9 la disposition des \u00eeles et des lagunes int\u00e9rieures, influen\u00e7ant ainsi l&rsquo;\u00e9cosyst\u00e8me de la r\u00e9gion. <\/span><\/p><h2>\u00a0<\/h2><h2 class=\"wp-block-heading has-medium-font-size\" style=\"text-align: center;\"><span style=\"font-size: 14pt;\"><b>Les \u00eeles-barri\u00e8res de Ria Formosa<\/b><\/span><\/h2><h2>\u00a0<\/h2><h2 class=\"wp-block-heading has-medium-font-size\" style=\"text-align: center;\"><span style=\"font-size: 14pt;\"><b>Que sont les \u00eeles Barri\u00e8res ?<\/b><\/span><\/h2><p style=\"text-align: justify;\"><span style=\"font-weight: 400;\">Les <\/span><a href=\"https:\/\/islands4you.pt\/fr\/ria-formosa\/\" target=\"_blank\" rel=\"noopener\"><b>\u00eeles-barri\u00e8res<\/b><\/a><span style=\"font-weight: 400;\"> sont des formations sableuses qui prot\u00e8gent la Ria Formosa des forces de l&rsquo;oc\u00e9an Atlantique. Ces \u00eeles sont fondamentales pour la pr\u00e9servation de la vie marine et la stabilit\u00e9 de l&rsquo;\u00e9cosyst\u00e8me lagunaire, car elles emp\u00eachent les vagues et les courants \u00e9rosifs d&rsquo;affecter directement l&rsquo;estuaire. <\/span><\/p><h3>\u00a0<\/h3><h3 class=\"wp-block-heading has-medium-font-size\" style=\"text-align: center;\"><span style=\"font-size: 14pt;\"><b>Les principales \u00eeles barri\u00e8re<\/b><\/span><\/h3><p style=\"text-align: justify;\"><span style=\"font-weight: 400;\">La Ria Formosa est prot\u00e9g\u00e9e par un groupe de <\/span><b>cinq \u00eeles principales et deux p\u00e9ninsules<\/b><span style=\"font-weight: 400;\">:<\/span><\/p><ol class=\"wp-block-list\" style=\"text-align: justify;\"><li><a href=\"https:\/\/fr.wikipedia.org\/wiki\/%C3%8Ele_de_Barreta\" target=\"_blank\" rel=\"noopener\"><b>\u00cele Deserta \/ Barreta<\/b><\/a><span style=\"font-weight: 400;\"> &#8211; L&rsquo;une des plus sauvages et des plus pr\u00e9serv\u00e9es, avec des plages paradisiaques.<\/span><\/li><li><a href=\"https:\/\/fr.wikipedia.org\/wiki\/%C3%8Ele_de_Culatra\" target=\"_blank\" rel=\"noopener\"><b>\u00cele de Culatra<\/b><\/a><span style=\"font-weight: 400;\"> &#8211; Elle abrite les communaut\u00e9s de p\u00eacheurs de Culatra, Farol et Hangares.<\/span><\/li><li><a href=\"https:\/\/visitalgarve.pt\/fr\/equipamento\/7618\/ilha-de-cabanas\" target=\"_blank\" rel=\"noopener\"><b>\u00cele de Cabanas<\/b><\/a><span style=\"font-weight: 400;\">&#8211; Vaste <a title=\"Cordon littoral\" href=\"https:\/\/fr.wikipedia.org\/wiki\/Cordon_littoral\" target=\"_blank\" rel=\"noopener\">c\u00f4te<\/a> sablonneuse dont les <a title=\"Dune\" href=\"https:\/\/pt.wikipedia.org\/wiki\/Duna\" target=\"_blank\" rel=\"noopener\">dunes<\/a> sont couvertes d&rsquo;une v\u00e9g\u00e9tation end\u00e9mique.<\/span><\/li><li><a href=\"https:\/\/visitalgarve.pt\/equipamento\/8721\/Praia%20da%20Armona\" target=\"_blank\" rel=\"noopener\"><b>\u00cele d&rsquo;Armona<\/b><\/a><span style=\"font-weight: 400;\"> &#8211; Fr\u00e9quent\u00e9e par les touristes et les habitants, elle pr\u00e9sente des maisons pittoresques et de belles plages.<\/span><\/li><li><a href=\"https:\/\/visitalgarve.pt\/fr\/equipamento\/7619\/ilha%20de%20tavira\" target=\"_blank\" rel=\"noopener\"><b>\u00cele de Tavira<\/b><\/a><span style=\"font-weight: 400;\"> &#8211; L&rsquo;une des destinations de vacances les plus connues, avec des infrastructures touristiques.<\/span><\/li><li><a href=\"https:\/\/www.algarve-tourist.com\/faro-fr\/plage-praia-de-faro-fr.html\" target=\"_blank\" rel=\"noopener\"><b>P\u00e9ninsule d&rsquo;Anc\u00e3o (plage de Faro)<\/b><\/a><span style=\"font-weight: 400;\"> &#8211; L&rsquo;un des points d&rsquo;acc\u00e8s les plus faciles \u00e0 la Ria Formosa, reli\u00e9e au continent par un pont.<\/span><\/li><li><a href=\"https:\/\/visitalgarve.pt\/fr\/equipamento\/8223\/n%c3%bacleo%20hist%c3%b3rico%20de%20cacela%20velha\" target=\"_blank\" rel=\"noopener\"><b>P\u00e9ninsule de Cacela<\/b><\/a><span style=\"font-weight: 400;\"> &#8211; Plus \u00e0 l&rsquo;est, cette p\u00e9ninsule est connue pour ses paysages pr\u00e9serv\u00e9s et sa biodiversit\u00e9.<\/span><\/li><\/ol><figure class=\"wp-block-gallery has-nested-images columns-default is-cropped\" style=\"text-align: justify;\"><figure class=\"wp-block-image size-large\"><img decoding=\"async\" width=\"1024\" height=\"683\" class=\"wp-image-12848\" src=\"https:\/\/islands4you.pt\/wp-content\/uploads\/2025\/03\/35-SharpenAI-Focus-1024x683.jpg\" alt=\"\" title=\"\" srcset=\"https:\/\/islands4you.pt\/wp-content\/uploads\/2025\/03\/35-SharpenAI-Focus-1024x683.jpg 1024w, https:\/\/islands4you.pt\/wp-content\/uploads\/2025\/03\/35-SharpenAI-Focus-300x200.jpg 300w, https:\/\/islands4you.pt\/wp-content\/uploads\/2025\/03\/35-SharpenAI-Focus-768x512.jpg 768w, https:\/\/islands4you.pt\/wp-content\/uploads\/2025\/03\/35-SharpenAI-Focus-1536x1024.jpg 1536w, https:\/\/islands4you.pt\/wp-content\/uploads\/2025\/03\/35-SharpenAI-Focus-2048x1365.jpg 2048w\" sizes=\"(max-width: 1024px) 100vw, 1024px\" \/><figcaption class=\"wp-element-caption\">\u00cele du Phare &#8211; Culatra<\/figcaption><\/figure><figure class=\"wp-block-image size-large\"><img loading=\"lazy\" decoding=\"async\" width=\"1024\" height=\"767\" class=\"wp-image-12842\" src=\"https:\/\/islands4you.pt\/wp-content\/uploads\/2025\/03\/22-Deserta-People-Focus-1024x767.jpg\" alt=\"\" title=\"\" srcset=\"https:\/\/islands4you.pt\/wp-content\/uploads\/2025\/03\/22-Deserta-People-Focus-1024x767.jpg 1024w, https:\/\/islands4you.pt\/wp-content\/uploads\/2025\/03\/22-Deserta-People-Focus-300x225.jpg 300w, https:\/\/islands4you.pt\/wp-content\/uploads\/2025\/03\/22-Deserta-People-Focus-768x575.jpg 768w, https:\/\/islands4you.pt\/wp-content\/uploads\/2025\/03\/22-Deserta-People-Focus.jpg 1079w\" sizes=\"(max-width: 1024px) 100vw, 1024px\" \/><figcaption class=\"wp-element-caption\">L&rsquo;\u00eele du d\u00e9sert<\/figcaption><\/figure><figure class=\"wp-block-image size-large\"><img decoding=\"async\" class=\"wp-image-11785\" src=\"https:\/\/islands4you.pt\/wp-content\/uploads\/2024\/08\/halfday-04-1-1024x554.jpg\" alt=\"\" title=\"\"><figcaption class=\"wp-element-caption\">Barrinha &#8211; Plage de Faro<\/figcaption><\/figure><\/figure><h4>\u00a0<\/h4><h4 class=\"wp-block-heading has-medium-font-size\" style=\"text-align: center;\"><span style=\"font-size: 14pt;\"><b>L&rsquo;importance des \u00eeles de la barri\u00e8re<\/b><\/span><\/h4><p style=\"text-align: justify;\"><span style=\"font-weight: 400;\">Les \u00eeles-barri\u00e8res jouent un r\u00f4le essentiel dans la protection de la biodiversit\u00e9 de la Ria Formosa. Elles contribuent \u00e0 maintenir la stabilit\u00e9 de l&rsquo;habitat et \u00e0 pr\u00e9venir l&rsquo;\u00e9rosion c\u00f4ti\u00e8re, agissant comme un tampon naturel contre les temp\u00eates et les mar\u00e9es hautes. <\/span><\/p><h1>\u00a0<\/h1><h1 class=\"wp-block-heading has-medium-font-size\" style=\"text-align: center;\"><span style=\"font-size: 14pt;\"><b>Ria Formosa en tant que parc naturel<\/b><\/span><\/h1><h2>\u00a0<\/h2><h2 class=\"wp-block-heading has-medium-font-size\" style=\"text-align: center;\"><span style=\"font-size: 14pt;\"><b>Biodiversit\u00e9 et conservation<\/b><\/span><\/h2><p style=\"text-align: justify;\"><span style=\"font-weight: 400;\">En 1987, la Ria Formosa a \u00e9t\u00e9 d\u00e9clar\u00e9e <\/span><b>parc naturel<\/b><span style=\"font-weight: 400;\">en raison de sa riche biodiversit\u00e9. Cet \u00e9cosyst\u00e8me abrite une grande vari\u00e9t\u00e9 de <\/span><b>oiseaux migrateurs, poissons, mollusques et plantes aquatiques<\/b><span style=\"font-weight: 400;\">C&rsquo;est l&rsquo;un des endroits les plus importants pour la faune et la flore en Europe.<\/span><\/p><h3>\u00a0<\/h3><h3 class=\"wp-block-heading has-medium-font-size\" style=\"text-align: center;\"><span style=\"font-size: 14pt;\"><b>Esp\u00e8ces embl\u00e9matiques de la Ria Formosa<\/b><\/span><\/h3><ul class=\"wp-block-list\" style=\"text-align: justify;\"><li><a href=\"https:\/\/fr.wikipedia.org\/wiki\/Cam%C3%A9l%C3%A9on_commun\" target=\"_blank\" rel=\"noopener\"><b>Cam\u00e9l\u00e9on commun<\/b><\/a><span style=\"font-weight: 400;\"> &#8211;<em> Il<\/em> s&rsquo;agit d<em>&lsquo;une esp\u00e8ce<\/em>en voie de disparition qui trouve refuge dans les dunes de la Ria Formosa.<\/span><\/li><li><a href=\"https:\/\/fr.wikipedia.org\/wiki\/Hippocampus_hippocampus\" target=\"_blank\" rel=\"noopener\"><b>Hippocampes<\/b><\/a><span style=\"font-weight: 400;\"> &#8211; L&rsquo;estuaire abrite l&rsquo;une des plus grandes populations d&rsquo;hippocampes au monde. Les esp\u00e8ces d&rsquo;hippocampes qui vivent dans la Ria Formosa sont l&rsquo;hippocampe <mark class=\"QVRyCf\">\u00e0 long nez (<em>hippocampus guttulatus<\/em>) et l&rsquo;hippocampe \u00e0 museau court (hippocampus<em>hippocampus<\/em>).<\/mark> <\/span><\/li><li><a href=\"https:\/\/fr.wikipedia.org\/wiki\/Flamant_rose\" target=\"_blank\" rel=\"noopener\"><b>Les flamants roses<\/b><\/a><span style=\"font-weight: 400;\"> &#8211; Ils fr\u00e9quentent les lagunes et les marais \u00e0 la recherche de nourriture.<\/span><\/li><li><b>Mollusques et bivalves<\/b><span style=\"font-weight: 400;\"> &#8211; Comme les palourdes et les hu\u00eetres, qui jouent un r\u00f4le fondamental dans l&rsquo;\u00e9conomie locale.<\/span><\/li><li><a href=\"https:\/\/fr.wikipedia.org\/wiki\/Tal%C3%A8ve_sultane\" target=\"_blank\" rel=\"noopener\"><strong>Taleve sultane <\/strong><\/a><i>(Porphyrio porphyrio<\/i>) &#8211; Symbole de la Ria Formosa, son corps est bleu avec des plumes infracaudales blanches.<\/li><\/ul><figure class=\"wp-block-gallery has-nested-images columns-default is-cropped\" style=\"text-align: justify;\"><figure class=\"wp-block-image size-large\"><img loading=\"lazy\" decoding=\"async\" width=\"1024\" height=\"686\" class=\"wp-image-12868\" src=\"https:\/\/islands4you.pt\/wp-content\/uploads\/2025\/03\/BennyTrapp_Chamaeleo_chamaeleon_Samos_Griechenland-1024x686.jpg\" alt=\"\" title=\"\" srcset=\"https:\/\/islands4you.pt\/wp-content\/uploads\/2025\/03\/BennyTrapp_Chamaeleo_chamaeleon_Samos_Griechenland-1024x686.jpg 1024w, https:\/\/islands4you.pt\/wp-content\/uploads\/2025\/03\/BennyTrapp_Chamaeleo_chamaeleon_Samos_Griechenland-300x201.jpg 300w, https:\/\/islands4you.pt\/wp-content\/uploads\/2025\/03\/BennyTrapp_Chamaeleo_chamaeleon_Samos_Griechenland-768x514.jpg 768w, https:\/\/islands4you.pt\/wp-content\/uploads\/2025\/03\/BennyTrapp_Chamaeleo_chamaeleon_Samos_Griechenland.jpg 1280w\" sizes=\"(max-width: 1024px) 100vw, 1024px\" \/><figcaption class=\"wp-element-caption\">Cam\u00e9l\u00e9on commun (Chamaeleo chamaeleon)<\/figcaption><\/figure><figure class=\"wp-block-image size-large\"><img loading=\"lazy\" decoding=\"async\" width=\"768\" height=\"1024\" class=\"wp-image-12874\" src=\"https:\/\/islands4you.pt\/wp-content\/uploads\/2025\/03\/Hippocampus_hippocampus_on_Ascophyllum_nodosum-768x1024.jpg\" alt=\"\" title=\"\" srcset=\"https:\/\/islands4you.pt\/wp-content\/uploads\/2025\/03\/Hippocampus_hippocampus_on_Ascophyllum_nodosum-768x1024.jpg 768w, https:\/\/islands4you.pt\/wp-content\/uploads\/2025\/03\/Hippocampus_hippocampus_on_Ascophyllum_nodosum-225x300.jpg 225w, https:\/\/islands4you.pt\/wp-content\/uploads\/2025\/03\/Hippocampus_hippocampus_on_Ascophyllum_nodosum.jpg 800w\" sizes=\"(max-width: 768px) 100vw, 768px\" \/><figcaption class=\"wp-element-caption\">Hippocampe hippocampe<\/figcaption><\/figure><\/figure><h4>\u00a0<\/h4><h4 class=\"wp-block-heading has-medium-font-size\" style=\"text-align: center;\"><span style=\"font-size: 14pt;\"><b>Menaces et durabilit\u00e9<\/b><\/span><\/h4><p style=\"text-align: justify;\"><span style=\"font-weight: 400;\">Malgr\u00e9 son importance \u00e9cologique, la Ria Formosa est confront\u00e9e \u00e0 plusieurs menaces :<\/span><\/p><ul class=\"wp-block-list\" style=\"text-align: justify;\"><li><b>Pression touristique et urbaine<\/b><\/li><li><b>Pollution de l&rsquo;eau<\/b><\/li><li><b>Changement climatique et \u00e9l\u00e9vation du niveau de la mer<\/b><\/li><li><b>Surp\u00eache et exploitation des ressources naturelles<\/b><\/li><\/ul><h5 class=\"wp-block-heading has-medium-font-size\" style=\"text-align: center;\"><span style=\"color: #000000;\"><b>Mesures de protection<\/b><\/span><\/h5><p style=\"text-align: justify;\"><span style=\"font-weight: 400;\">Pour assurer la pr\u00e9servation de cet \u00e9cosyst\u00e8me unique, diverses initiatives ont \u00e9t\u00e9 mises en \u0153uvre, comme par exemple :<\/span><\/p><ul class=\"wp-block-list\" style=\"text-align: justify;\"><li><span style=\"font-weight: 400;\">Restrictions \u00e0 la construction dans les zones prot\u00e9g\u00e9es.<\/span><\/li><li><span style=\"font-weight: 400;\">Projets de r\u00e9tablissement des habitats d\u00e9grad\u00e9s.<\/span><\/li><li><span style=\"font-weight: 400;\">Promouvoir le tourisme durable.<\/span><\/li><\/ul><h1>\u00a0<\/h1><h1 class=\"wp-block-heading has-medium-font-size\" style=\"text-align: center;\"><span style=\"font-size: 14pt;\">Activit\u00e9s \u00e0 Ria Formosa<\/span><\/h1><h2>\u00a0<\/h2><h2 class=\"wp-block-heading has-medium-font-size\" style=\"text-align: center;\"><span style=\"font-size: 14pt;\">Excursions en bateau autour des \u00eeles Barri\u00e8res<\/span><\/h2><p style=\"text-align: justify;\">L&rsquo;une des meilleures fa\u00e7ons d&rsquo;explorer la Ria Formosa est de faire une <a href=\"https:\/\/islands4you.pt\/fr\/experiences\/\" target=\"_blank\" rel=\"noopener\"><strong>excursion en bateau<\/strong> autour de ses \u00eeles-barri\u00e8res<\/a>. L&rsquo;entreprise <strong>Islands 4 You, <\/strong>avec des d\u00e9parts de <a href=\"https:\/\/fr.wikipedia.org\/wiki\/Faro\" target=\"_blank\" rel=\"noopener\"><strong>Faro<\/strong><\/a> propose des exp\u00e9riences incroyables pour d\u00e9couvrir cet \u00e9cosyst\u00e8me unique. Pendant les excursions, les visiteurs peuvent :<\/p><ul class=\"wp-block-list\" style=\"text-align: justify;\"><li>Explorez des plages paradisiaques et des \u00eeles isol\u00e9es.<\/li><li>Observez la faune et la flore locales, notamment les flamants roses et les hippocampes.<\/li><li>D\u00e9couvrez d&rsquo;authentiques villages de p\u00eacheurs tels que Culatra.<\/li><li>Profitez d&rsquo;une promenade relaxante avec des vues \u00e0 couper le souffle sur l&rsquo;estuaire et l&rsquo;Atlantique.<\/li><\/ul><p style=\"text-align: justify;\">Ces circuits peuvent \u00eatre personnalis\u00e9s pour inclure des arr\u00eats pour la <strong>baignade, la plong\u00e9e avec tuba ou le d\u00e9jeuner dans des restaurants typiques de<\/strong> l&rsquo;\u00eele.<\/p><figure class=\"wp-block-gallery has-nested-images columns-default is-cropped\" style=\"text-align: justify;\"><figure class=\"wp-block-image size-large\"><img decoding=\"async\" class=\"wp-image-12445\" src=\"https:\/\/islands4you.pt\/wp-content\/uploads\/2025\/03\/Imagem-WhatsApp-2025-02-20-as-21.47.30_e0dbc0a4-1024x576.jpg\" alt=\"\" title=\"\"><\/figure><figure class=\"wp-block-image size-large\"><img decoding=\"async\" class=\"wp-image-11722\" src=\"https:\/\/islands4you.pt\/wp-content\/uploads\/2024\/08\/foto6-scaled-3-1024x683.jpg\" alt=\"\" title=\"\"><\/figure><figure class=\"wp-block-image size-large\"><img decoding=\"async\" class=\"wp-image-11797\" src=\"https:\/\/islands4you.pt\/wp-content\/uploads\/2024\/08\/51-SharpenAI-Focus-scaled-1-1-1024x576.jpg\" alt=\"\" title=\"\"><\/figure><\/figure><h2>\u00a0<\/h2><h2 class=\"wp-block-heading has-medium-font-size\" style=\"text-align: center;\"><span style=\"font-size: 14pt;\"><b>Conclusion<\/b><\/span><\/h2><p style=\"text-align: justify;\"><span style=\"font-weight: 400;\">A <\/span><a href=\"https:\/\/islands4you.pt\/fr\/ria-formosa\/\" target=\"_blank\" rel=\"noopener\"><b>Ria Formosa<\/b><\/a><span style=\"font-weight: 400;\"> et ses <\/span><b>\u00eeles-barri\u00e8res<\/b><span style=\"font-weight: 400;\"> constituent le patrimoine naturel inestimable du Portugal. Leur formation au cours des mill\u00e9naires a donn\u00e9 naissance \u00e0 un \u00e9cosyst\u00e8me riche et dynamique, essentiel pour la biodiversit\u00e9 et l&rsquo;\u00e9conomie locale. Avec ses paysages \u00e9poustouflants et son histoire g\u00e9ologique fascinante, la Ria Formosa reste une destination incontournable pour les amoureux de la nature et de la culture de l&rsquo;Algarve. <\/span><\/p><p>\u00a0<\/p>\t\t\t\t\t\t\t\t<\/div>\n\t\t\t\t\t<\/div>\n\t\t\t\t<\/div>\n\t\t\t\t<\/div>\n\t\t","protected":false},"excerpt":{"rendered":"<p>La formation g\u00e9ologique de Ria Formosa La formation de la Ria Formosa et de ses \u00eeles-barri\u00e8res est un ph\u00e9nom\u00e8ne naturel fascinant qui a donn\u00e9 naissance \u00e0 l&rsquo;un des \u00e9cosyst\u00e8mes les plus impressionnants du Portugal. Ce syst\u00e8me lagunaire, situ\u00e9 dans l&rsquo;Algarve, est prot\u00e9g\u00e9 par une s\u00e9rie d&rsquo;\u00eeles barri\u00e8res qui le s\u00e9parent de l&rsquo;oc\u00e9an Atlantique. Mais comment [&hellip;]<\/p>\n","protected":false},"author":2,"featured_media":2196,"comment_status":"closed","ping_status":"closed","sticky":false,"template":"","format":"standard","meta":{"site-sidebar-layout":"default","site-content-layout":"","ast-site-content-layout":"default","site-content-style":"default","site-sidebar-style":"default","ast-global-header-display":"","ast-banner-title-visibility":"","ast-main-header-display":"","ast-hfb-above-header-display":"","ast-hfb-below-header-display":"","ast-hfb-mobile-header-display":"","site-post-title":"","ast-breadcrumbs-content":"","ast-featured-img":"","footer-sml-layout":"","ast-disable-related-posts":"","theme-transparent-header-meta":"default","adv-header-id-meta":"","stick-header-meta":"default","header-above-stick-meta":"","header-main-stick-meta":"","header-below-stick-meta":"","astra-migrate-meta-layouts":"set","ast-page-background-enabled":"default","ast-page-background-meta":{"desktop":{"background-color":"","background-image":"","background-repeat":"repeat","background-position":"center center","background-size":"auto","background-attachment":"scroll","background-type":"","background-media":"","overlay-type":"","overlay-color":"","overlay-opacity":"","overlay-gradient":""},"tablet":{"background-color":"","background-image":"","background-repeat":"repeat","background-position":"center center","background-size":"auto","background-attachment":"scroll","background-type":"","background-media":"","overlay-type":"","overlay-color":"","overlay-opacity":"","overlay-gradient":""},"mobile":{"background-color":"","background-image":"","background-repeat":"repeat","background-position":"center center","background-size":"auto","background-attachment":"scroll","background-type":"","background-media":"","overlay-type":"","overlay-color":"","overlay-opacity":"","overlay-gradient":""}},"ast-content-background-meta":{"desktop":{"background-color":"var(--ast-global-color-5)","background-image":"","background-repeat":"repeat","background-position":"center center","background-size":"auto","background-attachment":"scroll","background-type":"","background-media":"","overlay-type":"","overlay-color":"","overlay-opacity":"","overlay-gradient":""},"tablet":{"background-color":"var(--ast-global-color-5)","background-image":"","background-repeat":"repeat","background-position":"center center","background-size":"auto","background-attachment":"scroll","background-type":"","background-media":"","overlay-type":"","overlay-color":"","overlay-opacity":"","overlay-gradient":""},"mobile":{"background-color":"var(--ast-global-color-5)","background-image":"","background-repeat":"repeat","background-position":"center center","background-size":"auto","background-attachment":"scroll","background-type":"","background-media":"","overlay-type":"","overlay-color":"","overlay-opacity":"","overlay-gradient":""}},"footnotes":""},"categories":[232],"tags":[],"class_list":["post-13934","post","type-post","status-publish","format-standard","has-post-thumbnail","hentry","category-ria-formosa-fr"],"_links":{"self":[{"href":"https:\/\/islands4you.pt\/fr\/wp-json\/wp\/v2\/posts\/13934","targetHints":{"allow":["GET"]}}],"collection":[{"href":"https:\/\/islands4you.pt\/fr\/wp-json\/wp\/v2\/posts"}],"about":[{"href":"https:\/\/islands4you.pt\/fr\/wp-json\/wp\/v2\/types\/post"}],"author":[{"embeddable":true,"href":"https:\/\/islands4you.pt\/fr\/wp-json\/wp\/v2\/users\/2"}],"replies":[{"embeddable":true,"href":"https:\/\/islands4you.pt\/fr\/wp-json\/wp\/v2\/comments?post=13934"}],"version-history":[{"count":16,"href":"https:\/\/islands4you.pt\/fr\/wp-json\/wp\/v2\/posts\/13934\/revisions"}],"predecessor-version":[{"id":15820,"href":"https:\/\/islands4you.pt\/fr\/wp-json\/wp\/v2\/posts\/13934\/revisions\/15820"}],"wp:featuredmedia":[{"embeddable":true,"href":"https:\/\/islands4you.pt\/fr\/wp-json\/wp\/v2\/media\/2196"}],"wp:attachment":[{"href":"https:\/\/islands4you.pt\/fr\/wp-json\/wp\/v2\/media?parent=13934"}],"wp:term":[{"taxonomy":"category","embeddable":true,"href":"https:\/\/islands4you.pt\/fr\/wp-json\/wp\/v2\/categories?post=13934"},{"taxonomy":"post_tag","embeddable":true,"href":"https:\/\/islands4you.pt\/fr\/wp-json\/wp\/v2\/tags?post=13934"}],"curies":[{"name":"wp","href":"https:\/\/api.w.org\/{rel}","templated":true}]}}